{"id":583,"date":"2021-12-25T21:59:29","date_gmt":"2021-12-26T02:59:29","guid":{"rendered":"https:\/\/accentquebec.learnquebec.ca\/?p=583"},"modified":"2022-05-25T14:25:42","modified_gmt":"2022-05-25T18:25:42","slug":"encyclopedia-on-early-childhood-development","status":"publish","type":"post","link":"https:\/\/accentquebec.com\/en\/encyclopedia-on-early-childhood-development\/","title":{"rendered":"The Encyclopedia on Early Childhood Development"},"content":{"rendered":"\t\t<div data-elementor-type=\"wp-post\" data-elementor-id=\"583\" class=\"elementor elementor-583 elementor-489\" data-elementor-post-type=\"post\">\n\t\t\t\t\t\t<section class=\"elementor-section elementor-top-section elementor-element elementor-element-41fc8b97 elementor-section-boxed elementor-section-height-default elementor-section-height-default\" data-id=\"41fc8b97\" data-element_type=\"section\" data-e-type=\"section\">\n\t\t\t\t\t\t<div class=\"elementor-container elementor-column-gap-default\">\n\t\t\t\t\t<div class=\"elementor-column elementor-col-100 elementor-top-column elementor-element elementor-element-12168fb6\" data-id=\"12168fb6\" data-element_type=\"column\" data-e-type=\"column\">\n\t\t\t<div class=\"elementor-widget-wrap elementor-element-populated\">\n\t\t\t\t\t\t<div class=\"elementor-element elementor-element-46db1116 elementor-widget elementor-widget-text-editor\" data-id=\"46db1116\" data-element_type=\"widget\" data-e-type=\"widget\" data-widget_type=\"text-editor.default\">\n\t\t\t\t<div class=\"elementor-widget-container\">\n\t\t\t\t\t\t\t\t\t<p>The Encyclopedia on Early Childhood Development is a project of the Centre of Excellence for Early Childhood Development (CEECD) supported by Universit\u00e9 Laval and Universit\u00e9 de Montr\u00e9al (Quebec, Canada). Over the years, this organization has built a solid network of international experts who gather, synthesize and comment, in their respective domain of expertise, the most up-to-date scientific knowledge available on the development of young children, from conception to age five.<\/p>\t\t\t\t\t\t\t\t<\/div>\n\t\t\t\t<\/div>\n\t\t\t\t\t<\/div>\n\t\t<\/div>\n\t\t\t\t\t<\/div>\n\t\t<\/section>\n\t\t\t\t<\/div>\n\t\t","protected":false},"excerpt":{"rendered":"<p>The Encyclopedia on Early Childhood Development is a project of the Centre of Excellence for Early Childhood Development (CEECD) supported by Universit\u00e9 Laval and Universit\u00e9 de Montr\u00e9al (Quebec, Canada). Over the years, this organization has built a solid network of international experts who gather, synthesize and comment, in their respective domain of expertise, the most [&hellip;]<\/p>\n","protected":false},"author":11,"featured_media":1467,"comment_status":"open","ping_status":"open","sticky":false,"template":"","format":"standard","meta":{"_acf_changed":false,"footnotes":""},"categories":[28,26],"tags":[],"class_list":["post-583","post","type-post","status-publish","format-standard","has-post-thumbnail","hentry","category-early-childhood","category-parent-support"],"acf":[],"yoast_head":"<!-- This site is optimized with the Yoast SEO plugin v26.0 - https:\/\/yoast.com\/wordpress\/plugins\/seo\/ -->\n<title>The Encyclopedia on Early Childhood Development - Accent Qu\u00e9bec<\/title>\n<meta name=\"robots\" content=\"index, follow, max-snippet:-1, max-image-preview:large, max-video-preview:-1\" \/>\n<link rel=\"canonical\" href=\"https:\/\/accentquebec.com\/en\/encyclopedia-on-early-childhood-development\/\" \/>\n<meta property=\"og:locale\" content=\"en_US\" \/>\n<meta property=\"og:type\" content=\"article\" \/>\n<meta property=\"og:title\" content=\"The Encyclopedia on Early Childhood Development - Accent Qu\u00e9bec\" \/>\n<meta property=\"og:description\" content=\"The Encyclopedia on Early Childhood Development is a project of the Centre of Excellence for Early Childhood Development (CEECD) supported by Universit\u00e9 Laval and Universit\u00e9 de Montr\u00e9al (Quebec, Canada). Over the years, this organization has built a solid network of international experts who gather, synthesize and comment, in their respective domain of expertise, the most [&hellip;]\" \/>\n<meta property=\"og:url\" content=\"https:\/\/accentquebec.com\/en\/encyclopedia-on-early-childhood-development\/\" \/>\n<meta property=\"og:site_name\" content=\"Accent Qu\u00e9bec\" \/>\n<meta property=\"article:published_time\" content=\"2021-12-26T02:59:29+00:00\" \/>\n<meta property=\"article:modified_time\" content=\"2022-05-25T18:25:42+00:00\" \/>\n<meta property=\"og:image\" content=\"https:\/\/accentquebec.com\/wp-content\/uploads\/2022\/01\/Encyclopedia.jpg\" \/>\n\t<meta property=\"og:image:width\" content=\"504\" \/>\n\t<meta property=\"og:image:height\" content=\"198\" \/>\n\t<meta property=\"og:image:type\" content=\"image\/jpeg\" \/>\n<meta name=\"author\" content=\"Martin Cloutier\" \/>\n<meta name=\"twitter:card\" content=\"summary_large_image\" \/>\n<meta name=\"twitter:label1\" content=\"Written by\" \/>\n\t<meta name=\"twitter:data1\" content=\"Martin Cloutier\" \/>\n<script type=\"application\/ld+json\" class=\"yoast-schema-graph\">{\"@context\":\"https:\/\/schema.org\",\"@graph\":[{\"@type\":\"Article\",\"@id\":\"https:\/\/accentquebec.com\/en\/encyclopedia-on-early-childhood-development\/#article\",\"isPartOf\":{\"@id\":\"https:\/\/accentquebec.com\/en\/encyclopedia-on-early-childhood-development\/\"},\"author\":{\"name\":\"Martin Cloutier\",\"@id\":\"https:\/\/accentquebec.com\/#\/schema\/person\/cc6e23384912345d21e38e8262a8c3e6\"},\"headline\":\"The Encyclopedia on Early Childhood Development\",\"datePublished\":\"2021-12-26T02:59:29+00:00\",\"dateModified\":\"2022-05-25T18:25:42+00:00\",\"mainEntityOfPage\":{\"@id\":\"https:\/\/accentquebec.com\/en\/encyclopedia-on-early-childhood-development\/\"},\"wordCount\":77,\"commentCount\":0,\"publisher\":{\"@id\":\"https:\/\/accentquebec.com\/#organization\"},\"image\":{\"@id\":\"https:\/\/accentquebec.com\/en\/encyclopedia-on-early-childhood-development\/#primaryimage\"},\"thumbnailUrl\":\"https:\/\/accentquebec.com\/wp-content\/uploads\/2022\/01\/Encyclopedia.jpg\",\"articleSection\":[\"Early Childhood\",\"Parent support\"],\"inLanguage\":\"en-US\",\"potentialAction\":[{\"@type\":\"CommentAction\",\"name\":\"Comment\",\"target\":[\"https:\/\/accentquebec.com\/en\/encyclopedia-on-early-childhood-development\/#respond\"]}]},{\"@type\":\"WebPage\",\"@id\":\"https:\/\/accentquebec.com\/en\/encyclopedia-on-early-childhood-development\/\",\"url\":\"https:\/\/accentquebec.com\/en\/encyclopedia-on-early-childhood-development\/\",\"name\":\"The Encyclopedia on Early Childhood Development - Accent Qu\u00e9bec\",\"isPartOf\":{\"@id\":\"https:\/\/accentquebec.com\/#website\"},\"primaryImageOfPage\":{\"@id\":\"https:\/\/accentquebec.com\/en\/encyclopedia-on-early-childhood-development\/#primaryimage\"},\"image\":{\"@id\":\"https:\/\/accentquebec.com\/en\/encyclopedia-on-early-childhood-development\/#primaryimage\"},\"thumbnailUrl\":\"https:\/\/accentquebec.com\/wp-content\/uploads\/2022\/01\/Encyclopedia.jpg\",\"datePublished\":\"2021-12-26T02:59:29+00:00\",\"dateModified\":\"2022-05-25T18:25:42+00:00\",\"breadcrumb\":{\"@id\":\"https:\/\/accentquebec.com\/en\/encyclopedia-on-early-childhood-development\/#breadcrumb\"},\"inLanguage\":\"en-US\",\"potentialAction\":[{\"@type\":\"ReadAction\",\"target\":[\"https:\/\/accentquebec.com\/en\/encyclopedia-on-early-childhood-development\/\"]}]},{\"@type\":\"ImageObject\",\"inLanguage\":\"en-US\",\"@id\":\"https:\/\/accentquebec.com\/en\/encyclopedia-on-early-childhood-development\/#primaryimage\",\"url\":\"https:\/\/accentquebec.com\/wp-content\/uploads\/2022\/01\/Encyclopedia.jpg\",\"contentUrl\":\"https:\/\/accentquebec.com\/wp-content\/uploads\/2022\/01\/Encyclopedia.jpg\",\"width\":504,\"height\":198},{\"@type\":\"BreadcrumbList\",\"@id\":\"https:\/\/accentquebec.com\/en\/encyclopedia-on-early-childhood-development\/#breadcrumb\",\"itemListElement\":[{\"@type\":\"ListItem\",\"position\":1,\"name\":\"Home\",\"item\":\"https:\/\/accentquebec.com\/en\/home\/\"},{\"@type\":\"ListItem\",\"position\":2,\"name\":\"The Encyclopedia on Early Childhood Development\"}]},{\"@type\":\"WebSite\",\"@id\":\"https:\/\/accentquebec.com\/#website\",\"url\":\"https:\/\/accentquebec.com\/\",\"name\":\"Accent Qu\u00e9bec\",\"description\":\"Plateforme bilingue o\u00f9 l\u2019on retrouve des ressources en fran\u00e7ais con\u00e7ue pour appuyer les enseignants\",\"publisher\":{\"@id\":\"https:\/\/accentquebec.com\/#organization\"},\"potentialAction\":[{\"@type\":\"SearchAction\",\"target\":{\"@type\":\"EntryPoint\",\"urlTemplate\":\"https:\/\/accentquebec.com\/?s={search_term_string}\"},\"query-input\":{\"@type\":\"PropertyValueSpecification\",\"valueRequired\":true,\"valueName\":\"search_term_string\"}}],\"inLanguage\":\"en-US\"},{\"@type\":\"Organization\",\"@id\":\"https:\/\/accentquebec.com\/#organization\",\"name\":\"Accent Qu\u00e9bec\",\"url\":\"https:\/\/accentquebec.com\/\",\"logo\":{\"@type\":\"ImageObject\",\"inLanguage\":\"en-US\",\"@id\":\"https:\/\/accentquebec.com\/#\/schema\/logo\/image\/\",\"url\":\"https:\/\/accentquebec.com\/wp-content\/uploads\/2021\/12\/ACCENT-QC-FINAL_outlined.png\",\"contentUrl\":\"https:\/\/accentquebec.com\/wp-content\/uploads\/2021\/12\/ACCENT-QC-FINAL_outlined.png\",\"width\":827,\"height\":525,\"caption\":\"Accent Qu\u00e9bec\"},\"image\":{\"@id\":\"https:\/\/accentquebec.com\/#\/schema\/logo\/image\/\"}},{\"@type\":\"Person\",\"@id\":\"https:\/\/accentquebec.com\/#\/schema\/person\/cc6e23384912345d21e38e8262a8c3e6\",\"name\":\"Martin Cloutier\",\"image\":{\"@type\":\"ImageObject\",\"inLanguage\":\"en-US\",\"@id\":\"https:\/\/accentquebec.com\/#\/schema\/person\/image\/\",\"url\":\"https:\/\/secure.gravatar.com\/avatar\/c2c0012d5ade38e6add5fd0133958391ee45ef0f456e99a3ae3b7ed2a5cd7ca5?s=96&r=g\",\"contentUrl\":\"https:\/\/secure.gravatar.com\/avatar\/c2c0012d5ade38e6add5fd0133958391ee45ef0f456e99a3ae3b7ed2a5cd7ca5?s=96&r=g\",\"caption\":\"Martin Cloutier\"}}]}<\/script>\n<!-- \/ Yoast SEO plugin. -->","yoast_head_json":{"title":"The Encyclopedia on Early Childhood Development - Accent Qu\u00e9bec","robots":{"index":"index","follow":"follow","max-snippet":"max-snippet:-1","max-image-preview":"max-image-preview:large","max-video-preview":"max-video-preview:-1"},"canonical":"https:\/\/accentquebec.com\/en\/encyclopedia-on-early-childhood-development\/","og_locale":"en_US","og_type":"article","og_title":"The Encyclopedia on Early Childhood Development - Accent Qu\u00e9bec","og_description":"The Encyclopedia on Early Childhood Development is a project of the Centre of Excellence for Early Childhood Development (CEECD) supported by Universit\u00e9 Laval and Universit\u00e9 de Montr\u00e9al (Quebec, Canada). Over the years, this organization has built a solid network of international experts who gather, synthesize and comment, in their respective domain of expertise, the most [&hellip;]","og_url":"https:\/\/accentquebec.com\/en\/encyclopedia-on-early-childhood-development\/","og_site_name":"Accent Qu\u00e9bec","article_published_time":"2021-12-26T02:59:29+00:00","article_modified_time":"2022-05-25T18:25:42+00:00","og_image":[{"width":504,"height":198,"url":"https:\/\/accentquebec.com\/wp-content\/uploads\/2022\/01\/Encyclopedia.jpg","type":"image\/jpeg"}],"author":"Martin Cloutier","twitter_card":"summary_large_image","twitter_misc":{"Written by":"Martin Cloutier"},"schema":{"@context":"https:\/\/schema.org","@graph":[{"@type":"Article","@id":"https:\/\/accentquebec.com\/en\/encyclopedia-on-early-childhood-development\/#article","isPartOf":{"@id":"https:\/\/accentquebec.com\/en\/encyclopedia-on-early-childhood-development\/"},"author":{"name":"Martin Cloutier","@id":"https:\/\/accentquebec.com\/#\/schema\/person\/cc6e23384912345d21e38e8262a8c3e6"},"headline":"The Encyclopedia on Early Childhood Development","datePublished":"2021-12-26T02:59:29+00:00","dateModified":"2022-05-25T18:25:42+00:00","mainEntityOfPage":{"@id":"https:\/\/accentquebec.com\/en\/encyclopedia-on-early-childhood-development\/"},"wordCount":77,"commentCount":0,"publisher":{"@id":"https:\/\/accentquebec.com\/#organization"},"image":{"@id":"https:\/\/accentquebec.com\/en\/encyclopedia-on-early-childhood-development\/#primaryimage"},"thumbnailUrl":"https:\/\/accentquebec.com\/wp-content\/uploads\/2022\/01\/Encyclopedia.jpg","articleSection":["Early Childhood","Parent support"],"inLanguage":"en-US","potentialAction":[{"@type":"CommentAction","name":"Comment","target":["https:\/\/accentquebec.com\/en\/encyclopedia-on-early-childhood-development\/#respond"]}]},{"@type":"WebPage","@id":"https:\/\/accentquebec.com\/en\/encyclopedia-on-early-childhood-development\/","url":"https:\/\/accentquebec.com\/en\/encyclopedia-on-early-childhood-development\/","name":"The Encyclopedia on Early Childhood Development - Accent Qu\u00e9bec","isPartOf":{"@id":"https:\/\/accentquebec.com\/#website"},"primaryImageOfPage":{"@id":"https:\/\/accentquebec.com\/en\/encyclopedia-on-early-childhood-development\/#primaryimage"},"image":{"@id":"https:\/\/accentquebec.com\/en\/encyclopedia-on-early-childhood-development\/#primaryimage"},"thumbnailUrl":"https:\/\/accentquebec.com\/wp-content\/uploads\/2022\/01\/Encyclopedia.jpg","datePublished":"2021-12-26T02:59:29+00:00","dateModified":"2022-05-25T18:25:42+00:00","breadcrumb":{"@id":"https:\/\/accentquebec.com\/en\/encyclopedia-on-early-childhood-development\/#breadcrumb"},"inLanguage":"en-US","potentialAction":[{"@type":"ReadAction","target":["https:\/\/accentquebec.com\/en\/encyclopedia-on-early-childhood-development\/"]}]},{"@type":"ImageObject","inLanguage":"en-US","@id":"https:\/\/accentquebec.com\/en\/encyclopedia-on-early-childhood-development\/#primaryimage","url":"https:\/\/accentquebec.com\/wp-content\/uploads\/2022\/01\/Encyclopedia.jpg","contentUrl":"https:\/\/accentquebec.com\/wp-content\/uploads\/2022\/01\/Encyclopedia.jpg","width":504,"height":198},{"@type":"BreadcrumbList","@id":"https:\/\/accentquebec.com\/en\/encyclopedia-on-early-childhood-development\/#breadcrumb","itemListElement":[{"@type":"ListItem","position":1,"name":"Home","item":"https:\/\/accentquebec.com\/en\/home\/"},{"@type":"ListItem","position":2,"name":"The Encyclopedia on Early Childhood Development"}]},{"@type":"WebSite","@id":"https:\/\/accentquebec.com\/#website","url":"https:\/\/accentquebec.com\/","name":"Accent Qu\u00e9bec","description":"Plateforme bilingue o\u00f9 l\u2019on retrouve des ressources en fran\u00e7ais con\u00e7ue pour appuyer les enseignants","publisher":{"@id":"https:\/\/accentquebec.com\/#organization"},"potentialAction":[{"@type":"SearchAction","target":{"@type":"EntryPoint","urlTemplate":"https:\/\/accentquebec.com\/?s={search_term_string}"},"query-input":{"@type":"PropertyValueSpecification","valueRequired":true,"valueName":"search_term_string"}}],"inLanguage":"en-US"},{"@type":"Organization","@id":"https:\/\/accentquebec.com\/#organization","name":"Accent Qu\u00e9bec","url":"https:\/\/accentquebec.com\/","logo":{"@type":"ImageObject","inLanguage":"en-US","@id":"https:\/\/accentquebec.com\/#\/schema\/logo\/image\/","url":"https:\/\/accentquebec.com\/wp-content\/uploads\/2021\/12\/ACCENT-QC-FINAL_outlined.png","contentUrl":"https:\/\/accentquebec.com\/wp-content\/uploads\/2021\/12\/ACCENT-QC-FINAL_outlined.png","width":827,"height":525,"caption":"Accent Qu\u00e9bec"},"image":{"@id":"https:\/\/accentquebec.com\/#\/schema\/logo\/image\/"}},{"@type":"Person","@id":"https:\/\/accentquebec.com\/#\/schema\/person\/cc6e23384912345d21e38e8262a8c3e6","name":"Martin Cloutier","image":{"@type":"ImageObject","inLanguage":"en-US","@id":"https:\/\/accentquebec.com\/#\/schema\/person\/image\/","url":"https:\/\/secure.gravatar.com\/avatar\/c2c0012d5ade38e6add5fd0133958391ee45ef0f456e99a3ae3b7ed2a5cd7ca5?s=96&r=g","contentUrl":"https:\/\/secure.gravatar.com\/avatar\/c2c0012d5ade38e6add5fd0133958391ee45ef0f456e99a3ae3b7ed2a5cd7ca5?s=96&r=g","caption":"Martin Cloutier"}}]}},"_links":{"self":[{"href":"https:\/\/accentquebec.com\/en\/wp-json\/wp\/v2\/posts\/583","targetHints":{"allow":["GET"]}}],"collection":[{"href":"https:\/\/accentquebec.com\/en\/wp-json\/wp\/v2\/posts"}],"about":[{"href":"https:\/\/accentquebec.com\/en\/wp-json\/wp\/v2\/types\/post"}],"author":[{"embeddable":true,"href":"https:\/\/accentquebec.com\/en\/wp-json\/wp\/v2\/users\/11"}],"replies":[{"embeddable":true,"href":"https:\/\/accentquebec.com\/en\/wp-json\/wp\/v2\/comments?post=583"}],"version-history":[{"count":7,"href":"https:\/\/accentquebec.com\/en\/wp-json\/wp\/v2\/posts\/583\/revisions"}],"predecessor-version":[{"id":1628,"href":"https:\/\/accentquebec.com\/en\/wp-json\/wp\/v2\/posts\/583\/revisions\/1628"}],"wp:featuredmedia":[{"embeddable":true,"href":"https:\/\/accentquebec.com\/en\/wp-json\/wp\/v2\/media\/1467"}],"wp:attachment":[{"href":"https:\/\/accentquebec.com\/en\/wp-json\/wp\/v2\/media?parent=583"}],"wp:term":[{"taxonomy":"category","embeddable":true,"href":"https:\/\/accentquebec.com\/en\/wp-json\/wp\/v2\/categories?post=583"},{"taxonomy":"post_tag","embeddable":true,"href":"https:\/\/accentquebec.com\/en\/wp-json\/wp\/v2\/tags?post=583"}],"curies":[{"name":"wp","href":"https:\/\/api.w.org\/{rel}","templated":true}]}}